{"id":17964,"date":"2026-04-29T12:19:00","date_gmt":"2026-04-29T10:19:00","guid":{"rendered":"https:\/\/proterm.md\/?p=17964"},"modified":"2026-04-29T12:19:00","modified_gmt":"2026-04-29T10:19:00","slug":"ce-inseamna-tehnologia-inverter-in-aerul-conditionat","status":"publish","type":"post","link":"https:\/\/proterm.md\/ro\/ce-inseamna-tehnologia-inverter-in-aerul-conditionat\/","title":{"rendered":"Ce \u00eenseamn\u0103 tehnologia inverter \u00een aerul condi\u021bionat?"},"content":{"rendered":"<p><\/p>\n<h6><span style=\"color: #003366;\">Tehnologia inverter \u00een aerul condi\u021bionat: ce este \u0219i cum func\u021bioneaz\u0103<\/span><br \/>\nAerul condi\u021bionat este echipat cu un compresor, care joac\u0103 un rol important \u00een reglarea temperaturii \u00een \u00eenc\u0103pere, fie c\u0103 este vorba despre cas\u0103 sau birou. &#x1f3e0;&#x2744;&#xfe0f;Tehnologia inverter reprezint\u0103 un progres semnificativ \u00een domeniul climatiz\u0103rii, care cre\u0219te considerabil eficien\u021ba energetic\u0103 \u0219i confortul. Spre deosebire de modelele obi\u0219nuite (f\u0103r\u0103 inverter), care func\u021bioneaz\u0103 prin comutare \u0219i oprire la putere maxim\u0103, dispozitivele inverter ajusteaz\u0103 constant viteza compresorului pentru a men\u021bine o temperatur\u0103 stabil\u0103. &#x2699;&#xfe0f;&#x1f321;&#xfe0f;Cum func\u021bioneaz\u0103 sistemele tradi\u021bionale: Compresorul func\u021bioneaz\u0103 la putere maxim\u0103 p\u00e2n\u0103 atinge temperatura dorit\u0103, apoi se opre\u0219te complet \u0219i porne\u0219te din nou c\u00e2nd temperatura fluctueaz\u0103. Acest ciclu consum\u0103 mult\u0103 energie \u0219i duce la uzura mai rapid\u0103 a componentelor. &#x1f504;&#x1f525;Sistemele inverter permit \u00eens\u0103 compresorului s\u0103 \u00ee\u0219i modifice treptat viteza, func\u021bion\u00e2nd la o putere optim\u0103 pentru men\u021binerea constant\u0103 a temperaturii confortabile, f\u0103r\u0103 opriri \u0219i reporniri bru\u0219te. Acest lucru asigur\u0103:<br \/>\n&#x1f4a1; Reducerea consumului de energie \u2014 economii de p\u00e2n\u0103 la 30\u201340%<\/h6>\n<h6>&#x1f6e1;&#xfe0f; Durat\u0103 lung\u0103 de via\u021b\u0103 \u0219i fiabilitate \u2014 solicitare mai mic\u0103 asupra componentelor<\/h6>\n<h6>&#x1f32c;&#xfe0f; Men\u021binerea temperaturii constante \u0219i confort \u2014 eliminarea fluctua\u021biilor bru\u0219te<\/h6>\n<h6>&#x1f92b; Func\u021bionare silen\u021bioas\u0103 \u2014 nivel redus de zgomot<\/h6>\n<h6>&#x26a1; R\u0103cire \u0219i \u00eenc\u0103lzire rapid\u0103 \u2014 reglare automat\u0103 a puterii pentru rezultate rapide<\/h6>\n<h4><span style=\"color: #000080;\"><a href=\"https:\/\/proterm.md\/ro\/product-category\/conditioner_invertor\/\" target=\"_blank\" rel=\"noopener\"><img decoding=\"async\" class=\"aligncenter wp-image-17963\" src=\"https:\/\/proterm.md\/wp-content\/uploads\/2026\/04\/Kaisai-Aurastu-Eu-Certified-300x91.webp\" alt=\"\" width=\"544\" height=\"165\" srcset=\"https:\/\/proterm.md\/wp-content\/uploads\/2026\/04\/Kaisai-Aurastu-Eu-Certified-300x91.webp 300w, https:\/\/proterm.md\/wp-content\/uploads\/2026\/04\/Kaisai-Aurastu-Eu-Certified-500x152.webp 500w, https:\/\/proterm.md\/wp-content\/uploads\/2026\/04\/Kaisai-Aurastu-Eu-Certified-768x233.webp 768w, https:\/\/proterm.md\/wp-content\/uploads\/2026\/04\/Kaisai-Aurastu-Eu-Certified.webp 1050w\" sizes=\"(max-width: 544px) 100vw, 544px\" \/><\/a><\/span><\/h4>\n<p>&#x1f680; Ajunge rapid la condi\u021biile dorite&#x1f4b0; Economise\u0219te energie \u0219i reduce facturile la electricitate&#x1f321;&#xfe0f; Asigur\u0103 un microclimat stabil pe tot parcursul anului<br \/>\nCaracteristic\u0103 pentru iarn\u0103: Multe modele sunt echipate cu o pomp\u0103 de c\u0103ldur\u0103, care permite \u00eenc\u0103lzirea aerului chiar \u0219i la temperaturi exterioare sc\u0103zute. Aerul condi\u021bionat inverter poate func\u021biona \u00een regim de \u00eenc\u0103lzire la temperaturi de p\u00e2n\u0103 la -25\u00b0C, men\u021bin\u00e2nd eficien\u021ba \u0219i economia de energie. &#x2744;&#xfe0f;&#x1f525;Rezumat: Tehnologia inverter schimb\u0103 abordarea climatiz\u0103rii, asigur\u00e2nd un echilibru optim \u00eentre economisirea energiei, confort \u0219i durabilitate. Dori\u021bi s\u0103 reduce\u021bi costurile vara sau s\u0103 asigura\u021bi c\u0103ldur\u0103 iarna \u2014 aerul condi\u021bionat inverter devine o alegere inteligent\u0103 pentru crearea climatului perfect \u00een \u00eenc\u0103pere. &#x1f31f;&#x1f3e1;<\/p>","protected":false},"excerpt":{"rendered":"<p>Tehnologia inverter \u00een aerul condi\u021bionat: ce este \u0219i cum func\u021bioneaz\u0103 Aerul condi\u021bionat este echipat cu un compresor, care joac\u0103 un<\/p>\n","protected":false},"author":1,"featured_media":17962,"comment_status":"closed","ping_status":"closed","sticky":false,"template":"","format":"standard","meta":{"_joinchat":[],"footnotes":""},"categories":[1],"tags":[1495,2179,133],"class_list":["post-17964","post","type-post","status-publish","format-standard","has-post-thumbnail","hentry","category-our-news","tag-kaisai","tag-mitsubishi","tag-starway"],"_links":{"self":[{"href":"https:\/\/proterm.md\/ro\/wp-json\/wp\/v2\/posts\/17964","targetHints":{"allow":["GET"]}}],"collection":[{"href":"https:\/\/proterm.md\/ro\/wp-json\/wp\/v2\/posts"}],"about":[{"href":"https:\/\/proterm.md\/ro\/wp-json\/wp\/v2\/types\/post"}],"author":[{"embeddable":true,"href":"https:\/\/proterm.md\/ro\/wp-json\/wp\/v2\/users\/1"}],"replies":[{"embeddable":true,"href":"https:\/\/proterm.md\/ro\/wp-json\/wp\/v2\/comments?post=17964"}],"version-history":[{"count":1,"href":"https:\/\/proterm.md\/ro\/wp-json\/wp\/v2\/posts\/17964\/revisions"}],"predecessor-version":[{"id":17965,"href":"https:\/\/proterm.md\/ro\/wp-json\/wp\/v2\/posts\/17964\/revisions\/17965"}],"wp:featuredmedia":[{"embeddable":true,"href":"https:\/\/proterm.md\/ro\/wp-json\/wp\/v2\/media\/17962"}],"wp:attachment":[{"href":"https:\/\/proterm.md\/ro\/wp-json\/wp\/v2\/media?parent=17964"}],"wp:term":[{"taxonomy":"category","embeddable":true,"href":"https:\/\/proterm.md\/ro\/wp-json\/wp\/v2\/categories?post=17964"},{"taxonomy":"post_tag","embeddable":true,"href":"https:\/\/proterm.md\/ro\/wp-json\/wp\/v2\/tags?post=17964"}],"curies":[{"name":"wp","href":"https:\/\/api.w.org\/{rel}","templated":true}]}}